{"id":12669,"date":"2021-06-04T14:08:37","date_gmt":"2021-06-04T12:08:37","guid":{"rendered":"https:\/\/www.comagricola.com\/?p=12669"},"modified":"2021-06-04T14:08:37","modified_gmt":"2021-06-04T12:08:37","slug":"regeneration","status":"publish","type":"post","link":"https:\/\/www.comagricola.com\/de\/regeneration\/","title":{"rendered":"Regeneration"},"content":{"rendered":"","protected":false},"excerpt":{"rendered":"<p>Am Ende des Sommerstresses ist es an der Zeit, den Mantel zu reinigen und zu regenerieren. Die erste wird das seneszente Material beseitigen, das als Folge des monatelangen Leidens in gro\u00dfer Menge vorhanden ist, w\u00e4hrend die zweite das nun g\u00fcnstige Klima ausnutzt und den nat\u00fcrlichen R\u00fcckgang der vegetativen Best\u00e4nde durch die Aussaat ausgew\u00e4hlter Samen ausgleicht.<\/p>\n","protected":false},"author":1,"featured_media":12557,"comment_status":"closed","ping_status":"closed","sticky":false,"template":"","format":"standard","meta":{"inline_featured_image":false,"footnotes":""},"categories":[161],"tags":[],"class_list":["post-12669","post","type-post","status-publish","format-standard","has-post-thumbnail","hentry","category-fasi-fertilizzanti-de"],"yoast_head":"<!-- This site is optimized with the Yoast SEO plugin v25.3.1 - https:\/\/yoast.com\/wordpress\/plugins\/seo\/ -->\n<title>Regeneration - Comagricola Green Europe<\/title>\n<meta name=\"robots\" content=\"index, follow, max-snippet:-1, max-image-preview:large, max-video-preview:-1\" \/>\n<link rel=\"canonical\" href=\"https:\/\/www.comagricola.com\/de\/regeneration\/\" \/>\n<meta property=\"og:locale\" content=\"de_DE\" \/>\n<meta property=\"og:type\" content=\"article\" \/>\n<meta property=\"og:title\" content=\"Regeneration - Comagricola Green Europe\" \/>\n<meta property=\"og:description\" content=\"Am Ende des Sommerstresses ist es an der Zeit, den Mantel zu reinigen und zu regenerieren. Die erste wird das seneszente Material beseitigen, das als Folge des monatelangen Leidens in gro\u00dfer Menge vorhanden ist, w\u00e4hrend die zweite das nun g\u00fcnstige Klima ausnutzt und den nat\u00fcrlichen R\u00fcckgang der vegetativen Best\u00e4nde durch die Aussaat ausgew\u00e4hlter Samen ausgleicht.\" \/>\n<meta property=\"og:url\" content=\"https:\/\/www.comagricola.com\/de\/regeneration\/\" \/>\n<meta property=\"og:site_name\" content=\"Comagricola Green Europe\" \/>\n<meta property=\"article:publisher\" content=\"https:\/\/it-it.facebook.com\/pages\/category\/Company\/Comagricola-Green-Europe-srl-1189465271123595\/\" \/>\n<meta property=\"article:published_time\" content=\"2021-06-04T12:08:37+00:00\" \/>\n<meta property=\"og:image\" content=\"https:\/\/www.comagricola.com\/wp-content\/uploads\/2020\/12\/rigenerazione.jpg\" \/>\n\t<meta property=\"og:image:width\" content=\"900\" \/>\n\t<meta property=\"og:image:height\" content=\"312\" \/>\n\t<meta property=\"og:image:type\" content=\"image\/jpeg\" \/>\n<meta name=\"author\" content=\"Green Europe Comagricola\" \/>\n<meta name=\"twitter:card\" content=\"summary_large_image\" \/>\n<meta name=\"twitter:label1\" content=\"Verfasst von\" \/>\n\t<meta name=\"twitter:data1\" content=\"Green Europe Comagricola\" \/>\n<script type=\"application\/ld+json\" class=\"yoast-schema-graph\">{\"@context\":\"https:\/\/schema.org\",\"@graph\":[{\"@type\":\"Article\",\"@id\":\"https:\/\/www.comagricola.com\/de\/regeneration\/#article\",\"isPartOf\":{\"@id\":\"https:\/\/www.comagricola.com\/de\/regeneration\/\"},\"author\":{\"name\":\"Green Europe Comagricola\",\"@id\":\"https:\/\/www.comagricola.com\/de\/#\/schema\/person\/953be346b2cc33e61de1b2bc60aa2436\"},\"headline\":\"Regeneration\",\"datePublished\":\"2021-06-04T12:08:37+00:00\",\"mainEntityOfPage\":{\"@id\":\"https:\/\/www.comagricola.com\/de\/regeneration\/\"},\"wordCount\":1,\"publisher\":{\"@id\":\"https:\/\/www.comagricola.com\/de\/#organization\"},\"image\":{\"@id\":\"https:\/\/www.comagricola.com\/de\/regeneration\/#primaryimage\"},\"thumbnailUrl\":\"https:\/\/www.comagricola.com\/wp-content\/uploads\/2020\/12\/rigenerazione.jpg\",\"articleSection\":[\"fasi-fertilizzanti\"],\"inLanguage\":\"de\"},{\"@type\":\"WebPage\",\"@id\":\"https:\/\/www.comagricola.com\/de\/regeneration\/\",\"url\":\"https:\/\/www.comagricola.com\/de\/regeneration\/\",\"name\":\"Regeneration - Comagricola Green Europe\",\"isPartOf\":{\"@id\":\"https:\/\/www.comagricola.com\/de\/#website\"},\"primaryImageOfPage\":{\"@id\":\"https:\/\/www.comagricola.com\/de\/regeneration\/#primaryimage\"},\"image\":{\"@id\":\"https:\/\/www.comagricola.com\/de\/regeneration\/#primaryimage\"},\"thumbnailUrl\":\"https:\/\/www.comagricola.com\/wp-content\/uploads\/2020\/12\/rigenerazione.jpg\",\"datePublished\":\"2021-06-04T12:08:37+00:00\",\"breadcrumb\":{\"@id\":\"https:\/\/www.comagricola.com\/de\/regeneration\/#breadcrumb\"},\"inLanguage\":\"de\",\"potentialAction\":[{\"@type\":\"ReadAction\",\"target\":[\"https:\/\/www.comagricola.com\/de\/regeneration\/\"]}]},{\"@type\":\"ImageObject\",\"inLanguage\":\"de\",\"@id\":\"https:\/\/www.comagricola.com\/de\/regeneration\/#primaryimage\",\"url\":\"https:\/\/www.comagricola.com\/wp-content\/uploads\/2020\/12\/rigenerazione.jpg\",\"contentUrl\":\"https:\/\/www.comagricola.com\/wp-content\/uploads\/2020\/12\/rigenerazione.jpg\",\"width\":900,\"height\":312},{\"@type\":\"BreadcrumbList\",\"@id\":\"https:\/\/www.comagricola.com\/de\/regeneration\/#breadcrumb\",\"itemListElement\":[{\"@type\":\"ListItem\",\"position\":1,\"name\":\"Home\",\"item\":\"https:\/\/www.comagricola.com\/de\/\"},{\"@type\":\"ListItem\",\"position\":2,\"name\":\"Regeneration\"}]},{\"@type\":\"WebSite\",\"@id\":\"https:\/\/www.comagricola.com\/de\/#website\",\"url\":\"https:\/\/www.comagricola.com\/de\/\",\"name\":\"Green Europe Comagricola\",\"description\":\"Semi e Fertilizzanti\",\"publisher\":{\"@id\":\"https:\/\/www.comagricola.com\/de\/#organization\"},\"potentialAction\":[{\"@type\":\"SearchAction\",\"target\":{\"@type\":\"EntryPoint\",\"urlTemplate\":\"https:\/\/www.comagricola.com\/de\/?s={search_term_string}\"},\"query-input\":{\"@type\":\"PropertyValueSpecification\",\"valueRequired\":true,\"valueName\":\"search_term_string\"}}],\"inLanguage\":\"de\"},{\"@type\":\"Organization\",\"@id\":\"https:\/\/www.comagricola.com\/de\/#organization\",\"name\":\"COMAGRICOLA GREEN EUROPE SRL\",\"url\":\"https:\/\/www.comagricola.com\/de\/\",\"logo\":{\"@type\":\"ImageObject\",\"inLanguage\":\"de\",\"@id\":\"https:\/\/www.comagricola.com\/de\/#\/schema\/logo\/image\/\",\"url\":\"https:\/\/www.comagricola.com\/wp-content\/uploads\/2020\/12\/logo-comagricola.svg\",\"contentUrl\":\"https:\/\/www.comagricola.com\/wp-content\/uploads\/2020\/12\/logo-comagricola.svg\",\"width\":\"1024\",\"height\":\"1024\",\"caption\":\"COMAGRICOLA GREEN EUROPE SRL\"},\"image\":{\"@id\":\"https:\/\/www.comagricola.com\/de\/#\/schema\/logo\/image\/\"},\"sameAs\":[\"https:\/\/it-it.facebook.com\/pages\/category\/Company\/Comagricola-Green-Europe-srl-1189465271123595\/\"]},{\"@type\":\"Person\",\"@id\":\"https:\/\/www.comagricola.com\/de\/#\/schema\/person\/953be346b2cc33e61de1b2bc60aa2436\",\"name\":\"Green Europe Comagricola\",\"image\":{\"@type\":\"ImageObject\",\"inLanguage\":\"de\",\"@id\":\"https:\/\/www.comagricola.com\/de\/#\/schema\/person\/image\/\",\"url\":\"https:\/\/secure.gravatar.com\/avatar\/76d0484ec676f805cd9f4be494d86e672fd1c9c54c8320d41f7c483427d2f012?s=96&d=mm&r=g\",\"contentUrl\":\"https:\/\/secure.gravatar.com\/avatar\/76d0484ec676f805cd9f4be494d86e672fd1c9c54c8320d41f7c483427d2f012?s=96&d=mm&r=g\",\"caption\":\"Green Europe Comagricola\"},\"sameAs\":[\"https:\/\/www.comagricola.com\",\"comagricoladmin\"],\"url\":\"https:\/\/www.comagricola.com\/de\/author\/comagricoladmin\/\"}]}<\/script>\n<!-- \/ Yoast SEO plugin. -->","yoast_head_json":{"title":"Regeneration - Comagricola Green Europe","robots":{"index":"index","follow":"follow","max-snippet":"max-snippet:-1","max-image-preview":"max-image-preview:large","max-video-preview":"max-video-preview:-1"},"canonical":"https:\/\/www.comagricola.com\/de\/regeneration\/","og_locale":"de_DE","og_type":"article","og_title":"Regeneration - Comagricola Green Europe","og_description":"Am Ende des Sommerstresses ist es an der Zeit, den Mantel zu reinigen und zu regenerieren. Die erste wird das seneszente Material beseitigen, das als Folge des monatelangen Leidens in gro\u00dfer Menge vorhanden ist, w\u00e4hrend die zweite das nun g\u00fcnstige Klima ausnutzt und den nat\u00fcrlichen R\u00fcckgang der vegetativen Best\u00e4nde durch die Aussaat ausgew\u00e4hlter Samen ausgleicht.","og_url":"https:\/\/www.comagricola.com\/de\/regeneration\/","og_site_name":"Comagricola Green Europe","article_publisher":"https:\/\/it-it.facebook.com\/pages\/category\/Company\/Comagricola-Green-Europe-srl-1189465271123595\/","article_published_time":"2021-06-04T12:08:37+00:00","og_image":[{"width":900,"height":312,"url":"https:\/\/www.comagricola.com\/wp-content\/uploads\/2020\/12\/rigenerazione.jpg","type":"image\/jpeg"}],"author":"Green Europe Comagricola","twitter_card":"summary_large_image","twitter_misc":{"Verfasst von":"Green Europe Comagricola"},"schema":{"@context":"https:\/\/schema.org","@graph":[{"@type":"Article","@id":"https:\/\/www.comagricola.com\/de\/regeneration\/#article","isPartOf":{"@id":"https:\/\/www.comagricola.com\/de\/regeneration\/"},"author":{"name":"Green Europe Comagricola","@id":"https:\/\/www.comagricola.com\/de\/#\/schema\/person\/953be346b2cc33e61de1b2bc60aa2436"},"headline":"Regeneration","datePublished":"2021-06-04T12:08:37+00:00","mainEntityOfPage":{"@id":"https:\/\/www.comagricola.com\/de\/regeneration\/"},"wordCount":1,"publisher":{"@id":"https:\/\/www.comagricola.com\/de\/#organization"},"image":{"@id":"https:\/\/www.comagricola.com\/de\/regeneration\/#primaryimage"},"thumbnailUrl":"https:\/\/www.comagricola.com\/wp-content\/uploads\/2020\/12\/rigenerazione.jpg","articleSection":["fasi-fertilizzanti"],"inLanguage":"de"},{"@type":"WebPage","@id":"https:\/\/www.comagricola.com\/de\/regeneration\/","url":"https:\/\/www.comagricola.com\/de\/regeneration\/","name":"Regeneration - Comagricola Green Europe","isPartOf":{"@id":"https:\/\/www.comagricola.com\/de\/#website"},"primaryImageOfPage":{"@id":"https:\/\/www.comagricola.com\/de\/regeneration\/#primaryimage"},"image":{"@id":"https:\/\/www.comagricola.com\/de\/regeneration\/#primaryimage"},"thumbnailUrl":"https:\/\/www.comagricola.com\/wp-content\/uploads\/2020\/12\/rigenerazione.jpg","datePublished":"2021-06-04T12:08:37+00:00","breadcrumb":{"@id":"https:\/\/www.comagricola.com\/de\/regeneration\/#breadcrumb"},"inLanguage":"de","potentialAction":[{"@type":"ReadAction","target":["https:\/\/www.comagricola.com\/de\/regeneration\/"]}]},{"@type":"ImageObject","inLanguage":"de","@id":"https:\/\/www.comagricola.com\/de\/regeneration\/#primaryimage","url":"https:\/\/www.comagricola.com\/wp-content\/uploads\/2020\/12\/rigenerazione.jpg","contentUrl":"https:\/\/www.comagricola.com\/wp-content\/uploads\/2020\/12\/rigenerazione.jpg","width":900,"height":312},{"@type":"BreadcrumbList","@id":"https:\/\/www.comagricola.com\/de\/regeneration\/#breadcrumb","itemListElement":[{"@type":"ListItem","position":1,"name":"Home","item":"https:\/\/www.comagricola.com\/de\/"},{"@type":"ListItem","position":2,"name":"Regeneration"}]},{"@type":"WebSite","@id":"https:\/\/www.comagricola.com\/de\/#website","url":"https:\/\/www.comagricola.com\/de\/","name":"Green Europe Comagricola","description":"Semi e Fertilizzanti","publisher":{"@id":"https:\/\/www.comagricola.com\/de\/#organization"},"potentialAction":[{"@type":"SearchAction","target":{"@type":"EntryPoint","urlTemplate":"https:\/\/www.comagricola.com\/de\/?s={search_term_string}"},"query-input":{"@type":"PropertyValueSpecification","valueRequired":true,"valueName":"search_term_string"}}],"inLanguage":"de"},{"@type":"Organization","@id":"https:\/\/www.comagricola.com\/de\/#organization","name":"COMAGRICOLA GREEN EUROPE SRL","url":"https:\/\/www.comagricola.com\/de\/","logo":{"@type":"ImageObject","inLanguage":"de","@id":"https:\/\/www.comagricola.com\/de\/#\/schema\/logo\/image\/","url":"https:\/\/www.comagricola.com\/wp-content\/uploads\/2020\/12\/logo-comagricola.svg","contentUrl":"https:\/\/www.comagricola.com\/wp-content\/uploads\/2020\/12\/logo-comagricola.svg","width":"1024","height":"1024","caption":"COMAGRICOLA GREEN EUROPE SRL"},"image":{"@id":"https:\/\/www.comagricola.com\/de\/#\/schema\/logo\/image\/"},"sameAs":["https:\/\/it-it.facebook.com\/pages\/category\/Company\/Comagricola-Green-Europe-srl-1189465271123595\/"]},{"@type":"Person","@id":"https:\/\/www.comagricola.com\/de\/#\/schema\/person\/953be346b2cc33e61de1b2bc60aa2436","name":"Green Europe Comagricola","image":{"@type":"ImageObject","inLanguage":"de","@id":"https:\/\/www.comagricola.com\/de\/#\/schema\/person\/image\/","url":"https:\/\/secure.gravatar.com\/avatar\/76d0484ec676f805cd9f4be494d86e672fd1c9c54c8320d41f7c483427d2f012?s=96&d=mm&r=g","contentUrl":"https:\/\/secure.gravatar.com\/avatar\/76d0484ec676f805cd9f4be494d86e672fd1c9c54c8320d41f7c483427d2f012?s=96&d=mm&r=g","caption":"Green Europe Comagricola"},"sameAs":["https:\/\/www.comagricola.com","comagricoladmin"],"url":"https:\/\/www.comagricola.com\/de\/author\/comagricoladmin\/"}]}},"_links":{"self":[{"href":"https:\/\/www.comagricola.com\/de\/wp-json\/wp\/v2\/posts\/12669","targetHints":{"allow":["GET"]}}],"collection":[{"href":"https:\/\/www.comagricola.com\/de\/wp-json\/wp\/v2\/posts"}],"about":[{"href":"https:\/\/www.comagricola.com\/de\/wp-json\/wp\/v2\/types\/post"}],"author":[{"embeddable":true,"href":"https:\/\/www.comagricola.com\/de\/wp-json\/wp\/v2\/users\/1"}],"replies":[{"embeddable":true,"href":"https:\/\/www.comagricola.com\/de\/wp-json\/wp\/v2\/comments?post=12669"}],"version-history":[{"count":1,"href":"https:\/\/www.comagricola.com\/de\/wp-json\/wp\/v2\/posts\/12669\/revisions"}],"predecessor-version":[{"id":12670,"href":"https:\/\/www.comagricola.com\/de\/wp-json\/wp\/v2\/posts\/12669\/revisions\/12670"}],"wp:featuredmedia":[{"embeddable":true,"href":"https:\/\/www.comagricola.com\/de\/wp-json\/wp\/v2\/media\/12557"}],"wp:attachment":[{"href":"https:\/\/www.comagricola.com\/de\/wp-json\/wp\/v2\/media?parent=12669"}],"wp:term":[{"taxonomy":"category","embeddable":true,"href":"https:\/\/www.comagricola.com\/de\/wp-json\/wp\/v2\/categories?post=12669"},{"taxonomy":"post_tag","embeddable":true,"href":"https:\/\/www.comagricola.com\/de\/wp-json\/wp\/v2\/tags?post=12669"}],"curies":[{"name":"wp","href":"https:\/\/api.w.org\/{rel}","templated":true}]}}